{"id":95,"date":"2008-08-18T11:10:46","date_gmt":"2008-08-18T09:10:46","guid":{"rendered":"http:\/\/blog.idethloff.de\/wordpress\/?p=95"},"modified":"2008-08-18T11:10:46","modified_gmt":"2008-08-18T09:10:46","slug":"eday-2008","status":"publish","type":"post","link":"https:\/\/blog.idethloff.de\/wordpress\/?p=95","title":{"rendered":"eDay 2008"},"content":{"rendered":"<p><a title=\"Nadines Logbuch\" href=\"http:\/\/netsonique.de\/blog\/?p=147\" target=\"_blank\">Nadine<\/a> hat in ihrem Blog schon \u00fcber den diesj\u00e4hrigen <a title=\"EDAY mediendidaktik.de\" href=\"http:\/\/mediendidaktik.uni-duisburg-essen.de\/onlinecampus\/eday\" target=\"_blank\">eDay<\/a> berichtet und ich kann in vielem nur zustimmen.<\/p>\n<p>F\u00fcr mich war es der erste eDay vor Ort, da ich es in den vergangenen Jahren leider nicht nach Duisburg geschafft habe. Einen kleinen Eindruck bekam ich letztes Jahr schon durch die Live-\u00dcbertragungen von Vortr\u00e4gen, aber vor Ort ist es nat\u00fcrlich einfach nochmal anders.  Insbesondere wenn man durch den Vortrag \u00fcbers eigene Medienprojekt selbst direkt an der Veranstaltung beteiligt ist und man die Projekt-Ergebnisse von anderen sieht. Sehr sch\u00f6n finde ich auch immer wieder den direkten Austausch mit anderen Studierenden, was nicht hei\u00dfen soll, dass ein Online-Studium nicht funktioniert, ganz im Gegenteil. Nur bekommt der Face-to-Face-Teil dann f\u00fcr mich einfach eine intensivere Bedeutung.<\/p>\n<p>Da der eDay ja auch als Werbung f\u00fcr den Studiengang dient, hier ein Kommentar dazu nach dem 3. Semester: Ich kann das Studium nach wie vor sehr empfehlen, nicht nur wegen der sehr guten und engagierten Betreuung, die ich f\u00fcr einen sehr wichtigen Teil des Erfolgsrezeptes halte: Die vielseitigen fachlichen Inhalte des Studiums greifen wunderbar ineinander und f\u00fcgen sich zu einem umfangreichen Gesamtbild rund um E-Learning zusammen. Hoffentlich ergibt sich n\u00e4chstes Jahr nach Abschluss des Studiums jobm\u00e4\u00dfig f\u00fcr mich eine M\u00f6glichkeit, im E-Learning-Bereich zu arbeiten.<\/p>\n<p>\u00dcbrigens bin ich sehr gespannt, wann wir die zahlreichen Fotos, die am eDay gemacht wurden, zu sehen bekommen \ud83d\ude42<\/p>\n","protected":false},"excerpt":{"rendered":"<p>Nadine hat in ihrem Blog schon \u00fcber den diesj\u00e4hrigen eDay berichtet und ich kann in vielem nur zustimmen. F\u00fcr mich war es der erste eDay vor Ort, da ich es in den vergangenen Jahren leider nicht nach Duisburg geschafft habe. Einen kleinen Eindruck bekam ich letztes Jahr schon durch die Live-\u00dcbertragungen von Vortr\u00e4gen, aber vor &hellip; <\/p>\n<p class=\"link-more\"><a href=\"https:\/\/blog.idethloff.de\/wordpress\/?p=95\" class=\"more-link\"><span class=\"screen-reader-text\">\u201eeDay 2008\u201c <\/span>weiterlesen<\/a><\/p>\n","protected":false},"author":1,"featured_media":0,"comment_status":"open","ping_status":"open","sticky":false,"template":"","format":"standard","meta":{"footnotes":""},"categories":[2,3],"tags":[],"class_list":["post-95","post","type-post","status-publish","format-standard","hentry","category-e-learning","category-educational_media"],"_links":{"self":[{"href":"https:\/\/blog.idethloff.de\/wordpress\/index.php?rest_route=\/wp\/v2\/posts\/95","targetHints":{"allow":["GET"]}}],"collection":[{"href":"https:\/\/blog.idethloff.de\/wordpress\/index.php?rest_route=\/wp\/v2\/posts"}],"about":[{"href":"https:\/\/blog.idethloff.de\/wordpress\/index.php?rest_route=\/wp\/v2\/types\/post"}],"author":[{"embeddable":true,"href":"https:\/\/blog.idethloff.de\/wordpress\/index.php?rest_route=\/wp\/v2\/users\/1"}],"replies":[{"embeddable":true,"href":"https:\/\/blog.idethloff.de\/wordpress\/index.php?rest_route=%2Fwp%2Fv2%2Fcomments&post=95"}],"version-history":[{"count":0,"href":"https:\/\/blog.idethloff.de\/wordpress\/index.php?rest_route=\/wp\/v2\/posts\/95\/revisions"}],"wp:attachment":[{"href":"https:\/\/blog.idethloff.de\/wordpress\/index.php?rest_route=%2Fwp%2Fv2%2Fmedia&parent=95"}],"wp:term":[{"taxonomy":"category","embeddable":true,"href":"https:\/\/blog.idethloff.de\/wordpress\/index.php?rest_route=%2Fwp%2Fv2%2Fcategories&post=95"},{"taxonomy":"post_tag","embeddable":true,"href":"https:\/\/blog.idethloff.de\/wordpress\/index.php?rest_route=%2Fwp%2Fv2%2Ftags&post=95"}],"curies":[{"name":"wp","href":"https:\/\/api.w.org\/{rel}","templated":true}]}}