{"id":86,"date":"2008-06-10T19:02:43","date_gmt":"2008-06-10T17:02:43","guid":{"rendered":"http:\/\/blog.idethloff.de\/wordpress\/?p=86"},"modified":"2018-10-21T19:30:14","modified_gmt":"2018-10-21T17:30:14","slug":"abschluss-medienprojekt","status":"publish","type":"post","link":"https:\/\/blog.idethloff.de\/wordpress\/?p=86","title":{"rendered":"Abschluss Medienprojekt"},"content":{"rendered":"<p>Mein Medienprojekt &#8222;SprLab-MA&#8220;, d.h. die Konzeption eines WBTs f\u00fcr das Multimedia-Sprachlabor der UB Mannheim, ist vorerst abgeschlossen. Den erstellten Prototyp habe ich vorab schon mal an die UB Mannheim \u00fcbergeben und meinem Ansprechpartner bei der Firma Tandberg \u00fcbermittelt.<\/p>\n<p>F\u00fcr die Universit\u00e4t Duisburg-Essen folgt in den n\u00e4chsten Wochen die Ausarbeitung des Medienprojektes, d.h. die Zusammenfassung der Dokumente wie Pflichtenheft, Drehbuch-Ausschnitt, (Prototyp) und die Durchf\u00fchrung einer Evaluation. In absehbarer Zeit werde ich dann den WBT-Prototyp \u00fcber meine Webseite verlinken.<\/p>\n<p>Es war ein sch\u00f6nes Projekt, und ich nehme als Erfahrung mit, dass mir ein ganzheitliches Arbeiten (sowohl konzeptionell als auch technisch und mit vielen pers\u00f6nlichen Kontakten) sehr wichtig ist.<\/p>\n<p>[Update 12.8.08: <a title=\"Prototyp Medienprojekt SprLab-MA\" href=\"https:\/\/www.idethloff.de\/medienprojekt\/sprlab\/start.htm\" target=\"_blank\" rel=\"noopener\">Link zum Prototyp<\/a>]<\/p>\n","protected":false},"excerpt":{"rendered":"<p>Mein Medienprojekt &#8222;SprLab-MA&#8220;, d.h. die Konzeption eines WBTs f\u00fcr das Multimedia-Sprachlabor der UB Mannheim, ist vorerst abgeschlossen. Den erstellten Prototyp habe ich vorab schon mal an die UB Mannheim \u00fcbergeben und meinem Ansprechpartner bei der Firma Tandberg \u00fcbermittelt. F\u00fcr die Universit\u00e4t Duisburg-Essen folgt in den n\u00e4chsten Wochen die Ausarbeitung des Medienprojektes, d.h. die Zusammenfassung der &hellip; <\/p>\n<p class=\"link-more\"><a href=\"https:\/\/blog.idethloff.de\/wordpress\/?p=86\" class=\"more-link\"><span class=\"screen-reader-text\">\u201eAbschluss Medienprojekt\u201c <\/span>weiterlesen<\/a><\/p>\n","protected":false},"author":1,"featured_media":0,"comment_status":"closed","ping_status":"closed","sticky":false,"template":"","format":"standard","meta":{"footnotes":""},"categories":[2,3],"tags":[],"class_list":["post-86","post","type-post","status-publish","format-standard","hentry","category-e-learning","category-educational_media"],"_links":{"self":[{"href":"https:\/\/blog.idethloff.de\/wordpress\/index.php?rest_route=\/wp\/v2\/posts\/86","targetHints":{"allow":["GET"]}}],"collection":[{"href":"https:\/\/blog.idethloff.de\/wordpress\/index.php?rest_route=\/wp\/v2\/posts"}],"about":[{"href":"https:\/\/blog.idethloff.de\/wordpress\/index.php?rest_route=\/wp\/v2\/types\/post"}],"author":[{"embeddable":true,"href":"https:\/\/blog.idethloff.de\/wordpress\/index.php?rest_route=\/wp\/v2\/users\/1"}],"replies":[{"embeddable":true,"href":"https:\/\/blog.idethloff.de\/wordpress\/index.php?rest_route=%2Fwp%2Fv2%2Fcomments&post=86"}],"version-history":[{"count":1,"href":"https:\/\/blog.idethloff.de\/wordpress\/index.php?rest_route=\/wp\/v2\/posts\/86\/revisions"}],"predecessor-version":[{"id":2150,"href":"https:\/\/blog.idethloff.de\/wordpress\/index.php?rest_route=\/wp\/v2\/posts\/86\/revisions\/2150"}],"wp:attachment":[{"href":"https:\/\/blog.idethloff.de\/wordpress\/index.php?rest_route=%2Fwp%2Fv2%2Fmedia&parent=86"}],"wp:term":[{"taxonomy":"category","embeddable":true,"href":"https:\/\/blog.idethloff.de\/wordpress\/index.php?rest_route=%2Fwp%2Fv2%2Fcategories&post=86"},{"taxonomy":"post_tag","embeddable":true,"href":"https:\/\/blog.idethloff.de\/wordpress\/index.php?rest_route=%2Fwp%2Fv2%2Ftags&post=86"}],"curies":[{"name":"wp","href":"https:\/\/api.w.org\/{rel}","templated":true}]}}