{"id":49,"date":"2007-08-28T19:56:15","date_gmt":"2007-08-28T17:56:15","guid":{"rendered":"http:\/\/blog.idethloff.de\/wordpress\/?p=49"},"modified":"2007-08-28T19:56:15","modified_gmt":"2007-08-28T17:56:15","slug":"springsteen-in-mannheim","status":"publish","type":"post","link":"https:\/\/blog.idethloff.de\/wordpress\/?p=49","title":{"rendered":"Springsteen in Mannheim"},"content":{"rendered":"<p>Bruce Springsteen mit E-Street Band in Mannheim in der <a title=\"SAP-Arena\" target=\"_blank\" href=\"http:\/\/www.sap-arena.de\/\">SAP-Arena<\/a>: Dies habe ich heute Mittag erfahren und sofort Karten reserviert! Studiumsbedingt musste ich schon auf einige andere Konzertbesuche verzichten, aber diesmal sind die Bedingungen ideal.<\/p>\n<p>Eine sch\u00f6ne Besch\u00e4ftigung f\u00fcr den 1. Advent (2. Dezember 2007) und nicht ganz ohne Bezug zum Studium, wo mich doch diverse Springsteen-CDs im Sommer beim Lernen f\u00fcr die Pr\u00fcfungen unterst\u00fctzt haben!<\/p>\n","protected":false},"excerpt":{"rendered":"<p>Bruce Springsteen mit E-Street Band in Mannheim in der SAP-Arena: Dies habe ich heute Mittag erfahren und sofort Karten reserviert! Studiumsbedingt musste ich schon auf einige andere Konzertbesuche verzichten, aber diesmal sind die Bedingungen ideal. Eine sch\u00f6ne Besch\u00e4ftigung f\u00fcr den 1. Advent (2. Dezember 2007) und nicht ganz ohne Bezug zum Studium, wo mich doch &hellip; <\/p>\n<p class=\"link-more\"><a href=\"https:\/\/blog.idethloff.de\/wordpress\/?p=49\" class=\"more-link\"><span class=\"screen-reader-text\">\u201eSpringsteen in Mannheim\u201c <\/span>weiterlesen<\/a><\/p>\n","protected":false},"author":1,"featured_media":0,"comment_status":"open","ping_status":"open","sticky":false,"template":"","format":"standard","meta":{"footnotes":""},"categories":[5],"tags":[],"class_list":["post-49","post","type-post","status-publish","format-standard","hentry","category-allgemeines"],"_links":{"self":[{"href":"https:\/\/blog.idethloff.de\/wordpress\/index.php?rest_route=\/wp\/v2\/posts\/49","targetHints":{"allow":["GET"]}}],"collection":[{"href":"https:\/\/blog.idethloff.de\/wordpress\/index.php?rest_route=\/wp\/v2\/posts"}],"about":[{"href":"https:\/\/blog.idethloff.de\/wordpress\/index.php?rest_route=\/wp\/v2\/types\/post"}],"author":[{"embeddable":true,"href":"https:\/\/blog.idethloff.de\/wordpress\/index.php?rest_route=\/wp\/v2\/users\/1"}],"replies":[{"embeddable":true,"href":"https:\/\/blog.idethloff.de\/wordpress\/index.php?rest_route=%2Fwp%2Fv2%2Fcomments&post=49"}],"version-history":[{"count":0,"href":"https:\/\/blog.idethloff.de\/wordpress\/index.php?rest_route=\/wp\/v2\/posts\/49\/revisions"}],"wp:attachment":[{"href":"https:\/\/blog.idethloff.de\/wordpress\/index.php?rest_route=%2Fwp%2Fv2%2Fmedia&parent=49"}],"wp:term":[{"taxonomy":"category","embeddable":true,"href":"https:\/\/blog.idethloff.de\/wordpress\/index.php?rest_route=%2Fwp%2Fv2%2Fcategories&post=49"},{"taxonomy":"post_tag","embeddable":true,"href":"https:\/\/blog.idethloff.de\/wordpress\/index.php?rest_route=%2Fwp%2Fv2%2Ftags&post=49"}],"curies":[{"name":"wp","href":"https:\/\/api.w.org\/{rel}","templated":true}]}}