{"id":132,"date":"2009-05-27T22:00:31","date_gmt":"2009-05-27T20:00:31","guid":{"rendered":"http:\/\/blog.idethloff.de\/wordpress\/?p=132"},"modified":"2009-05-27T22:01:45","modified_gmt":"2009-05-27T20:01:45","slug":"netbooks-fur-studenten","status":"publish","type":"post","link":"https:\/\/blog.idethloff.de\/wordpress\/?p=132","title":{"rendered":"Netbooks f\u00fcr Studenten"},"content":{"rendered":"<p>Diese Aktion an der Uni Paderborn (s. <a href=\"http:\/\/www.heise.de\/newsticker\/Studienanfaenger-in-Paderborn-bekommen-Netbooks-geschenkt--\/meldung\/138438\">Heise-Artikel<\/a>) finde ich bemerkenswert: Wenn jeder Studienanf\u00e4nger ein Netbook geschenkt bekommt, er\u00f6ffnet das ja auch Perspektiven f\u00fcr E-Learning. In Lehrveranstaltungen kann nun ein Internetzugang bei den Studenten vorausgesetzt werden und damit k\u00f6nnen leichter multimediale Lernelemente (nicht nur zum Erwerb von Medienkompetenz) eingebaut werden. Die gemeinsame Nutzung einer Lernplattform w\u00e4hrend des Unterrichts wird ebenso m\u00f6glich. Mit einem 10-Zoll-Netbook ist da (bei geringem Transportgewicht) schon einiges machbar. Zudem werden dadurch sicherlich nicht die PC-Pools abgeschafft werden.<\/p>\n<p>E-Book-Reader wiegen zwar noch weniger, sind dann aber in der Anwendung f\u00fcr Studenten doch eher eingeschr\u00e4nkt. Dennoch finde ich auch diese Entwicklung interessant, \u00fcber deren Einsatz in der Lehre nachzudenken, wie es z.B. an der <a title=\"FU Hagen\" href=\"http:\/\/www.fernuni-hagen.de\/universitaet\/newsletter\/lehreundweiterbildung\/2009-03-10-news-reader.shtml\" target=\"_blank\">FernUniversit\u00e4t Hagen<\/a> geschieht.<\/p>\n<p>Wenn man bedenkt, dass erst auf der CeBIT 2008 mit den ASUS Eee-PCs die ersten Windows-Netbooks vorgestellt wurden&#8230; mittlerweile haben etliche Hersteller nachgezogen und die Verbreitung von Netbooks ist betr\u00e4chtlich.<\/p>\n","protected":false},"excerpt":{"rendered":"<p>Diese Aktion an der Uni Paderborn (s. Heise-Artikel) finde ich bemerkenswert: Wenn jeder Studienanf\u00e4nger ein Netbook geschenkt bekommt, er\u00f6ffnet das ja auch Perspektiven f\u00fcr E-Learning. In Lehrveranstaltungen kann nun ein Internetzugang bei den Studenten vorausgesetzt werden und damit k\u00f6nnen leichter multimediale Lernelemente (nicht nur zum Erwerb von Medienkompetenz) eingebaut werden. Die gemeinsame Nutzung einer Lernplattform &hellip; <\/p>\n<p class=\"link-more\"><a href=\"https:\/\/blog.idethloff.de\/wordpress\/?p=132\" class=\"more-link\"><span class=\"screen-reader-text\">\u201eNetbooks f\u00fcr Studenten\u201c <\/span>weiterlesen<\/a><\/p>\n","protected":false},"author":1,"featured_media":0,"comment_status":"open","ping_status":"open","sticky":false,"template":"","format":"standard","meta":{"footnotes":""},"categories":[2],"tags":[],"class_list":["post-132","post","type-post","status-publish","format-standard","hentry","category-e-learning"],"_links":{"self":[{"href":"https:\/\/blog.idethloff.de\/wordpress\/index.php?rest_route=\/wp\/v2\/posts\/132","targetHints":{"allow":["GET"]}}],"collection":[{"href":"https:\/\/blog.idethloff.de\/wordpress\/index.php?rest_route=\/wp\/v2\/posts"}],"about":[{"href":"https:\/\/blog.idethloff.de\/wordpress\/index.php?rest_route=\/wp\/v2\/types\/post"}],"author":[{"embeddable":true,"href":"https:\/\/blog.idethloff.de\/wordpress\/index.php?rest_route=\/wp\/v2\/users\/1"}],"replies":[{"embeddable":true,"href":"https:\/\/blog.idethloff.de\/wordpress\/index.php?rest_route=%2Fwp%2Fv2%2Fcomments&post=132"}],"version-history":[{"count":7,"href":"https:\/\/blog.idethloff.de\/wordpress\/index.php?rest_route=\/wp\/v2\/posts\/132\/revisions"}],"predecessor-version":[{"id":139,"href":"https:\/\/blog.idethloff.de\/wordpress\/index.php?rest_route=\/wp\/v2\/posts\/132\/revisions\/139"}],"wp:attachment":[{"href":"https:\/\/blog.idethloff.de\/wordpress\/index.php?rest_route=%2Fwp%2Fv2%2Fmedia&parent=132"}],"wp:term":[{"taxonomy":"category","embeddable":true,"href":"https:\/\/blog.idethloff.de\/wordpress\/index.php?rest_route=%2Fwp%2Fv2%2Fcategories&post=132"},{"taxonomy":"post_tag","embeddable":true,"href":"https:\/\/blog.idethloff.de\/wordpress\/index.php?rest_route=%2Fwp%2Fv2%2Ftags&post=132"}],"curies":[{"name":"wp","href":"https:\/\/api.w.org\/{rel}","templated":true}]}}